{"id":582,"date":"2025-12-27T19:15:06","date_gmt":"2025-12-27T18:15:06","guid":{"rendered":"https:\/\/www.kneipp-sachsen.de\/chemnitz\/?p=582"},"modified":"2025-12-27T21:15:12","modified_gmt":"2025-12-27T20:15:12","slug":"rueckblick-2025","status":"publish","type":"post","link":"https:\/\/www.kneipp-sachsen.de\/chemnitz\/2025\/12\/27\/rueckblick-2025\/","title":{"rendered":"R\u00fcckblick 2025"},"content":{"rendered":"<!--themify_builder_content-->\n<div id=\"themify_builder_content-582\" data-postid=\"582\" class=\"themify_builder_content themify_builder_content-582 themify_builder tf_clear\">\n                    <div  data-lazy=\"1\" class=\"module_row themify_builder_row tb_9huj108 tb_first tf_w\">\n                        <div class=\"row_inner col_align_top tb_col_count_1 tf_box tf_rel\">\n                        <div  data-lazy=\"1\" class=\"module_column tb-column col-full tb_aycp108 first\">\n                    <!-- module plain text -->\n<div  class=\"module module-plain-text tb_cxkv295 \" data-lazy=\"1\">\n        <div class=\"tb_text_wrap\">\n    2025 bestimmte das Kulturhauptstadtjahr das Vereinsleben. Es wurden 24 F\u00fchrungen durchgef\u00fchrt, zum Teil mit anschlie\u00dfenden Kneippschen Anwendungen. Die Besucherzahl variierte. Es kamen insgesamt 225 Besucher zu den offiziellen F\u00fchrungen. Dabei waren alle Altersgruppen vertreten. Es nahmen Naturfreunde aus Chemnitz und dem Umland teil aber auch Interssierte aus ganz Deutschland kamen in den Garten. Dabei konnten nur die Besucher viel lernen, auch Sylvia D\u00f6ring lernte noch dazu. \nZu diesen F\u00fchrungen kamen noch einige weitere, die extra gebucht wurden wie die Kr\u00e4uterfrauen aus Einsiedel oder wie die Bewohner des Altenpflegeheims \u201ePro Seniore\u201c von der Salzstra\u00dfe\n    <\/div>\n<\/div>\n<!-- \/module plain text -->        <\/div>\n                        <\/div>\n        <\/div>\n                        <div  data-lazy=\"1\" class=\"module_row themify_builder_row tb_kkmh942 tf_w\">\n                        <div class=\"row_inner col_align_middle tb_col_count_2 tf_box tf_rel\">\n                        <div  data-lazy=\"1\" class=\"module_column tb-column col4-2 tb_zjdj943 first\">\n                    <!-- module image -->\n<div  class=\"module module-image tb_d4wm899 image-top   tf_mw\" data-lazy=\"1\">\n        <div class=\"image-wrap tf_rel tf_mw\">\n            <img loading=\"lazy\" decoding=\"async\" width=\"2560\" height=\"1707\" src=\"https:\/\/www.kneipp-sachsen.de\/chemnitz\/wp-content\/uploads\/2025\/12\/DSC_0235-scaled.jpg\" class=\"wp-post-image wp-image-596\" title=\"DSC_0235\" alt=\"DSC_0235\" srcset=\"https:\/\/www.kneipp-sachsen.de\/chemnitz\/wp-content\/uploads\/2025\/12\/DSC_0235-scaled.jpg 2560w, https:\/\/www.kneipp-sachsen.de\/chemnitz\/wp-content\/uploads\/2025\/12\/DSC_0235-300x200.jpg 300w, https:\/\/www.kneipp-sachsen.de\/chemnitz\/wp-content\/uploads\/2025\/12\/DSC_0235-1024x683.jpg 1024w, https:\/\/www.kneipp-sachsen.de\/chemnitz\/wp-content\/uploads\/2025\/12\/DSC_0235-768x512.jpg 768w, https:\/\/www.kneipp-sachsen.de\/chemnitz\/wp-content\/uploads\/2025\/12\/DSC_0235-1536x1024.jpg 1536w, https:\/\/www.kneipp-sachsen.de\/chemnitz\/wp-content\/uploads\/2025\/12\/DSC_0235-2048x1365.jpg 2048w\" sizes=\"auto, (max-width: 2560px) 100vw, 2560px\" \/>    \n        <\/div>\n    <!-- \/image-wrap -->\n    \n        <\/div>\n<!-- \/module image -->        <\/div>\n                    <div  data-lazy=\"1\" class=\"module_column tb-column col4-2 tb_kp7o945 last\">\n                    <!-- module image -->\n<div  class=\"module module-image tb_bqs5945 image-right   tf_mw\" data-lazy=\"1\">\n        <div class=\"image-wrap tf_rel tf_mw\">\n            <img loading=\"lazy\" decoding=\"async\" src=\"https:\/\/www.kneipp-sachsen.de\/chemnitz\/wp-content\/uploads\/2025\/12\/DSC_0281-1024x683-590x393.jpg\" width=\"590\" height=\"393\" class=\"wp-post-image wp-image-597\" title=\"DSC_0281\" alt=\"DSC_0281\" srcset=\"https:\/\/www.kneipp-sachsen.de\/chemnitz\/wp-content\/uploads\/2025\/12\/DSC_0281-1024x683-590x393.jpg 590w, https:\/\/www.kneipp-sachsen.de\/chemnitz\/wp-content\/uploads\/2025\/12\/DSC_0281-300x200.jpg 300w, https:\/\/www.kneipp-sachsen.de\/chemnitz\/wp-content\/uploads\/2025\/12\/DSC_0281-1024x683.jpg 1024w, https:\/\/www.kneipp-sachsen.de\/chemnitz\/wp-content\/uploads\/2025\/12\/DSC_0281-768x512.jpg 768w, https:\/\/www.kneipp-sachsen.de\/chemnitz\/wp-content\/uploads\/2025\/12\/DSC_0281-1536x1024.jpg 1536w, https:\/\/www.kneipp-sachsen.de\/chemnitz\/wp-content\/uploads\/2025\/12\/DSC_0281-2048x1365.jpg 2048w\" sizes=\"auto, (max-width: 590px) 100vw, 590px\" \/>    \n        <\/div>\n    <!-- \/image-wrap -->\n    \n        <\/div>\n<!-- \/module image -->        <\/div>\n                        <\/div>\n        <\/div>\n                        <div  data-lazy=\"1\" class=\"module_row themify_builder_row tb_7x98734 tf_w\">\n                        <div class=\"row_inner col_align_top tb_col_count_1 tf_box tf_rel\">\n                        <div  data-lazy=\"1\" class=\"module_column tb-column col-full tb_mobf734 first\">\n                            <div  data-lazy=\"1\" class=\"module_subrow themify_builder_sub_row tf_w col_align_top tb_col_count_2 tb_nymg733\">\n                <div  data-lazy=\"1\" class=\"module_column sub_column col4-2 tb_z72x733 first\">\n                    <!-- module text -->\n<div  class=\"module module-text tb_er7b360   \" data-lazy=\"1\">\n        <div  class=\"tb_text_wrap\">\n        <p style=\"text-align: center;\">Dies bedurfte nat\u00fcrlich viel Vorbereitung und Arbeit. Wir geh\u00f6rten zu den Vereinen, die bei der Vergabe eines Mikroprojektes ber\u00fccksichtigt wurden. Dies erm\u00f6glichte uns die Erneuerung des Barfu\u00dfpfades, das Anschaffen einer Kneippbibliothek, das Erstellen eines Malheftes f\u00fcr Kinder und eine Zweiauflage des Kr\u00e4uterheftes. Aber nat\u00fcrlich auch die Anschaffung und den Erhalt von Kr\u00e4utern und Pflanzen, die nun den Garten bereichern. Das eine oder andere war durch die Einnahmen bei den F\u00fchrungen m\u00f6glich.<br \/>Das ganze Jahr wurde in altbew\u00e4hrter Weise angebaut, gepflegt und gebaut. Zu den samst\u00e4glichen Treffen und den zus\u00e4tzlichen Aktivit\u00e4ten einzelner traf sich eine Gruppe \u00f6fter in der Woche, um zusammen vieles zu schaffen. Eine Entlastung f\u00fcr Sylvia D\u00f6ring, die so einiges abgeben konnte an Arbeit. Auch der eine oder andere, der nicht zum Verein geh\u00f6rt, half, wenn es n\u00f6tig war, ob es das Abtragen des alten Beetes am Barfu\u00dfpfad geht oder der Bau des Futterhauses f\u00fcr die Igel oder andere notwendige Arbeiten. Sch\u00f6n, dass so etwas selbstverst\u00e4ndlich sein darf.<\/p>    <\/div>\n<\/div>\n<!-- \/module text -->        <\/div>\n                    <div  data-lazy=\"1\" class=\"module_column sub_column col4-2 tb_szgv733 last\">\n                    <!-- module image -->\n<div  class=\"module module-image tb_yxen416 image-top   tf_mw\" data-lazy=\"1\">\n        <div class=\"image-wrap tf_rel tf_mw\">\n            <img loading=\"lazy\" decoding=\"async\" width=\"1707\" height=\"2560\" src=\"https:\/\/www.kneipp-sachsen.de\/chemnitz\/wp-content\/uploads\/2025\/12\/DSC_0129-scaled.jpg\" class=\"wp-post-image wp-image-595\" title=\"DSC_0129\" alt=\"DSC_0129\" srcset=\"https:\/\/www.kneipp-sachsen.de\/chemnitz\/wp-content\/uploads\/2025\/12\/DSC_0129-scaled.jpg 1707w, https:\/\/www.kneipp-sachsen.de\/chemnitz\/wp-content\/uploads\/2025\/12\/DSC_0129-200x300.jpg 200w, https:\/\/www.kneipp-sachsen.de\/chemnitz\/wp-content\/uploads\/2025\/12\/DSC_0129-683x1024.jpg 683w, https:\/\/www.kneipp-sachsen.de\/chemnitz\/wp-content\/uploads\/2025\/12\/DSC_0129-768x1152.jpg 768w, https:\/\/www.kneipp-sachsen.de\/chemnitz\/wp-content\/uploads\/2025\/12\/DSC_0129-1024x1536.jpg 1024w, https:\/\/www.kneipp-sachsen.de\/chemnitz\/wp-content\/uploads\/2025\/12\/DSC_0129-1365x2048.jpg 1365w\" sizes=\"auto, (max-width: 1707px) 100vw, 1707px\" \/>    \n        <\/div>\n    <!-- \/image-wrap -->\n    \n        <\/div>\n<!-- \/module image --><!-- module image -->\n<div  class=\"module module-image tb_wrdr944 image-top   tf_mw\" data-lazy=\"1\">\n        <div class=\"image-wrap tf_rel tf_mw\">\n            <img loading=\"lazy\" decoding=\"async\" width=\"1920\" height=\"2560\" src=\"https:\/\/www.kneipp-sachsen.de\/chemnitz\/wp-content\/uploads\/2025\/12\/20250320_181340-1-scaled.jpg\" class=\"wp-post-image wp-image-613\" title=\"20250320_181340\" alt=\"20250320_181340\" srcset=\"https:\/\/www.kneipp-sachsen.de\/chemnitz\/wp-content\/uploads\/2025\/12\/20250320_181340-1-scaled.jpg 1920w, https:\/\/www.kneipp-sachsen.de\/chemnitz\/wp-content\/uploads\/2025\/12\/20250320_181340-1-225x300.jpg 225w, https:\/\/www.kneipp-sachsen.de\/chemnitz\/wp-content\/uploads\/2025\/12\/20250320_181340-1-768x1024.jpg 768w, https:\/\/www.kneipp-sachsen.de\/chemnitz\/wp-content\/uploads\/2025\/12\/20250320_181340-1-1152x1536.jpg 1152w, https:\/\/www.kneipp-sachsen.de\/chemnitz\/wp-content\/uploads\/2025\/12\/20250320_181340-1-1536x2048.jpg 1536w\" sizes=\"auto, (max-width: 1920px) 100vw, 1920px\" \/>    \n        <\/div>\n    <!-- \/image-wrap -->\n    \n        <\/div>\n<!-- \/module image --><!-- module image -->\n<div  class=\"module module-image tb_pkqu21 image-top   tf_mw\" data-lazy=\"1\">\n        <div class=\"image-wrap tf_rel tf_mw\">\n            <img loading=\"lazy\" decoding=\"async\" width=\"1920\" height=\"2560\" src=\"https:\/\/www.kneipp-sachsen.de\/chemnitz\/wp-content\/uploads\/2025\/12\/20250504_123818-1-scaled.jpg\" class=\"wp-post-image wp-image-614\" title=\"20250504_123818\" alt=\"20250504_123818\" srcset=\"https:\/\/www.kneipp-sachsen.de\/chemnitz\/wp-content\/uploads\/2025\/12\/20250504_123818-1-scaled.jpg 1920w, https:\/\/www.kneipp-sachsen.de\/chemnitz\/wp-content\/uploads\/2025\/12\/20250504_123818-1-225x300.jpg 225w, https:\/\/www.kneipp-sachsen.de\/chemnitz\/wp-content\/uploads\/2025\/12\/20250504_123818-1-768x1024.jpg 768w, https:\/\/www.kneipp-sachsen.de\/chemnitz\/wp-content\/uploads\/2025\/12\/20250504_123818-1-1152x1536.jpg 1152w, https:\/\/www.kneipp-sachsen.de\/chemnitz\/wp-content\/uploads\/2025\/12\/20250504_123818-1-1536x2048.jpg 1536w\" sizes=\"auto, (max-width: 1920px) 100vw, 1920px\" \/>    \n        <\/div>\n    <!-- \/image-wrap -->\n    \n        <\/div>\n<!-- \/module image -->        <\/div>\n                    <\/div>\n                <\/div>\n                        <\/div>\n        <\/div>\n                        <div  data-lazy=\"1\" class=\"module_row themify_builder_row tb_gtq4150 tf_w\">\n                        <div class=\"row_inner col_align_top tb_col_count_1 tf_box tf_rel\">\n                        <div  data-lazy=\"1\" class=\"module_column tb-column col-full tb_w6t9150 first\">\n                            <div  data-lazy=\"1\" class=\"module_subrow themify_builder_sub_row tf_w col_align_top tb_col_count_2 tb_a2xg101\">\n                <div  data-lazy=\"1\" class=\"module_column sub_column col4-2 tb_u2gb101 first\">\n                    <!-- module text -->\n<div  class=\"module module-text tb_v8qh357   \" data-lazy=\"1\">\n        <div  class=\"tb_text_wrap\">\n        <p>In Igelhausen waren auch einige Igel zu Gast und konnten ausgewildert werden. Im Moment \u00fcberwintern zwei von ihnen bei uns im Igelhaus. In der Regel kamen das Ganze Jahr etwa 5 Igel in den meisten N\u00e4chten zum Fressen. Dies waren nicht unbedingt immer dieselben. Um den Umbau des Futterhauses und das Futter des Jahres zu stemmen, gab es immer wieder Menschen, die Geld daf\u00fcr spendeten. Dies war sehr sch\u00f6n, da es doch \u00fcber das Jahr gesehen ein recht hohe Summe wird, die nicht aus den Vereinsgeldern genommen werden kann.<\/p>    <\/div>\n<\/div>\n<!-- \/module text -->        <\/div>\n                    <div  data-lazy=\"1\" class=\"module_column sub_column col4-2 tb_jfme101 last\">\n                    <!-- module video -->\n<div  class=\"module module-video tb_lg1h80 video-top  \" data-lazy=\"1\">\n                    <div class=\"video-wrap-outer\">\n            <div class=\"video-wrap tf_rel tf_overflow tf_local_video\">\n                \n                    \n                    <div style=\"width: 640px;\" class=\"wp-video\"><video class=\"wp-video-shortcode\" id=\"video-582-1\" width=\"640\" height=\"360\" preload=\"metadata\" controls=\"controls\"><source type=\"video\/mp4\" src=\"https:\/\/www.kneipp-sachsen.de\/chemnitz\/wp-content\/uploads\/2025\/12\/A49E69A360E6_20250705003627_141_o.mp4?_=1\" \/><a href=\"https:\/\/www.kneipp-sachsen.de\/chemnitz\/wp-content\/uploads\/2025\/12\/A49E69A360E6_20250705003627_141_o.mp4\">https:\/\/www.kneipp-sachsen.de\/chemnitz\/wp-content\/uploads\/2025\/12\/A49E69A360E6_20250705003627_141_o.mp4<\/a><\/video><\/div>\n                    \n                                <\/div>\n            <!-- \/video-wrap -->\n        <\/div>\n        <!-- \/video-wrap-outer -->\n            <\/div>\n<!-- module video -->\n<div  class=\"module module-video tb_f36b626 video-top  \" data-lazy=\"1\">\n                    <div class=\"video-wrap-outer\">\n            <div class=\"video-wrap tf_rel tf_overflow tf_local_video\">\n                \n                    \n                    <div style=\"width: 640px;\" class=\"wp-video\"><video class=\"wp-video-shortcode\" id=\"video-582-2\" width=\"640\" height=\"360\" preload=\"metadata\" controls=\"controls\"><source type=\"video\/mp4\" src=\"https:\/\/www.kneipp-sachsen.de\/chemnitz\/wp-content\/uploads\/2025\/12\/A49E69A360E6_20251123182806_1475_o-1-2.mp4?_=2\" \/><a href=\"https:\/\/www.kneipp-sachsen.de\/chemnitz\/wp-content\/uploads\/2025\/12\/A49E69A360E6_20251123182806_1475_o-1-2.mp4\">https:\/\/www.kneipp-sachsen.de\/chemnitz\/wp-content\/uploads\/2025\/12\/A49E69A360E6_20251123182806_1475_o-1-2.mp4<\/a><\/video><\/div>\n                    \n                                <\/div>\n            <!-- \/video-wrap -->\n        <\/div>\n        <!-- \/video-wrap-outer -->\n            <\/div>\n<!-- module image -->\n<div  class=\"module module-image tb_6e64663 image-top   tf_mw\" data-lazy=\"1\">\n        <div class=\"image-wrap tf_rel tf_mw\">\n            <img loading=\"lazy\" decoding=\"async\" width=\"1828\" height=\"2560\" src=\"https:\/\/www.kneipp-sachsen.de\/chemnitz\/wp-content\/uploads\/2025\/12\/20250620_182451-scaled.jpg\" class=\"wp-post-image wp-image-627\" title=\"20250620_182451\" alt=\"20250620_182451\" srcset=\"https:\/\/www.kneipp-sachsen.de\/chemnitz\/wp-content\/uploads\/2025\/12\/20250620_182451-scaled.jpg 1828w, https:\/\/www.kneipp-sachsen.de\/chemnitz\/wp-content\/uploads\/2025\/12\/20250620_182451-214x300.jpg 214w, https:\/\/www.kneipp-sachsen.de\/chemnitz\/wp-content\/uploads\/2025\/12\/20250620_182451-731x1024.jpg 731w, https:\/\/www.kneipp-sachsen.de\/chemnitz\/wp-content\/uploads\/2025\/12\/20250620_182451-768x1075.jpg 768w, https:\/\/www.kneipp-sachsen.de\/chemnitz\/wp-content\/uploads\/2025\/12\/20250620_182451-1097x1536.jpg 1097w, https:\/\/www.kneipp-sachsen.de\/chemnitz\/wp-content\/uploads\/2025\/12\/20250620_182451-1463x2048.jpg 1463w\" sizes=\"auto, (max-width: 1828px) 100vw, 1828px\" \/>    \n        <\/div>\n    <!-- \/image-wrap -->\n    \n        <\/div>\n<!-- \/module image -->        <\/div>\n                    <\/div>\n                <\/div>\n                        <\/div>\n        <\/div>\n                        <div  data-lazy=\"1\" class=\"module_row themify_builder_row tb_7ici876 tf_w\">\n                        <div class=\"row_inner col_align_top tb_col_count_1 tf_box tf_rel\">\n                        <div  data-lazy=\"1\" class=\"module_column tb-column col-full tb_ds0v876 first\">\n                    <!-- module text -->\n<div  class=\"module module-text tb_0vds969   \" data-lazy=\"1\">\n        <div  class=\"tb_text_wrap\">\n        <p>Als Verein unternahmen wir auch einiges. So waren wir im Kr\u00e4utergarten des Klosters Wechselburg, stellten Naturkosmetik her, feierten zusammen, hatten G\u00e4ste\u00a0 von verschiedenen Gruppen. Nat\u00fcrlich waren auch die Kinder des Kneippkindergarten zu Besuch.<\/p>\n<p>Auch das Fernsehen, Rundfunk und Presse kamen vorbei.<\/p>\n<p>Unser Ziel bekannter zu werden und Menschen dieses Kleinod erleben zu lassen, wurde in dem Jahr mehr als erreicht. Im neuen Jahr werden deshalb auch wieder F\u00fchrungen geplant, allerdings nicht in dieser Anzahl wie in diesem Jahr.\u00a0<\/p>    <\/div>\n<\/div>\n<!-- \/module text -->        <\/div>\n                        <\/div>\n        <\/div>\n                        <div  data-lazy=\"1\" class=\"module_row themify_builder_row tb_en1o768 tf_w\">\n                        <div class=\"row_inner col_align_top tb_col_count_1 tf_box tf_rel\">\n                        <div  data-lazy=\"1\" class=\"module_column tb-column col-full tb_vmt7768 first\">\n                    <!-- module image -->\n<div  class=\"module module-image tb_exrp94 image-top   tf_mw\" data-lazy=\"1\">\n        <div class=\"image-wrap tf_rel tf_mw\">\n            <img loading=\"lazy\" decoding=\"async\" width=\"1920\" height=\"2560\" src=\"https:\/\/www.kneipp-sachsen.de\/chemnitz\/wp-content\/uploads\/2025\/12\/20251218_123754-scaled.jpg\" class=\"wp-post-image wp-image-628\" title=\"20251218_123754\" alt=\"20251218_123754\" srcset=\"https:\/\/www.kneipp-sachsen.de\/chemnitz\/wp-content\/uploads\/2025\/12\/20251218_123754-scaled.jpg 1920w, https:\/\/www.kneipp-sachsen.de\/chemnitz\/wp-content\/uploads\/2025\/12\/20251218_123754-225x300.jpg 225w, https:\/\/www.kneipp-sachsen.de\/chemnitz\/wp-content\/uploads\/2025\/12\/20251218_123754-768x1024.jpg 768w, https:\/\/www.kneipp-sachsen.de\/chemnitz\/wp-content\/uploads\/2025\/12\/20251218_123754-1152x1536.jpg 1152w, https:\/\/www.kneipp-sachsen.de\/chemnitz\/wp-content\/uploads\/2025\/12\/20251218_123754-1536x2048.jpg 1536w\" sizes=\"auto, (max-width: 1920px) 100vw, 1920px\" \/>    \n        <\/div>\n    <!-- \/image-wrap -->\n    \n        <\/div>\n<!-- \/module image -->        <\/div>\n                        <\/div>\n        <\/div>\n        <\/div>\n<!--\/themify_builder_content-->\n\n\n<p><\/p>","protected":false},"excerpt":{"rendered":"","protected":false},"author":5,"featured_media":0,"comment_status":"open","ping_status":"open","sticky":false,"template":"","format":"standard","meta":{"footnotes":""},"categories":[1],"tags":[],"class_list":["post-582","post","type-post","status-publish","format-standard","hentry","category-allgemein","has-post-title","has-post-date","has-post-category","has-post-tag","has-post-comment","has-post-author",""],"yoast_head":"<!-- This site is optimized with the Yoast SEO plugin v26.9 - https:\/\/yoast.com\/product\/yoast-seo-wordpress\/ -->\n<title>R\u00fcckblick 2025 - Kneipp-Verein Chemnitz<\/title>\n<meta name=\"robots\" content=\"index, follow, max-snippet:-1, max-image-preview:large, max-video-preview:-1\" \/>\n<link rel=\"canonical\" href=\"https:\/\/www.kneipp-sachsen.de\/chemnitz\/2025\/12\/27\/rueckblick-2025\/\" \/>\n<meta property=\"og:locale\" content=\"de_DE\" \/>\n<meta property=\"og:type\" content=\"article\" \/>\n<meta property=\"og:title\" content=\"R\u00fcckblick 2025 - Kneipp-Verein Chemnitz\" \/>\n<meta property=\"og:url\" content=\"https:\/\/www.kneipp-sachsen.de\/chemnitz\/2025\/12\/27\/rueckblick-2025\/\" \/>\n<meta property=\"og:site_name\" content=\"Kneipp-Verein Chemnitz\" \/>\n<meta property=\"article:published_time\" content=\"2025-12-27T18:15:06+00:00\" \/>\n<meta property=\"article:modified_time\" content=\"2025-12-27T20:15:12+00:00\" \/>\n<meta property=\"og:image\" content=\"https:\/\/www.kneipp-sachsen.de\/chemnitz\/wp-content\/uploads\/2025\/12\/DSC_0235-scaled.jpg\" \/>\n<meta name=\"author\" content=\"Heike\" \/>\n<meta name=\"twitter:card\" content=\"summary_large_image\" \/>\n<meta name=\"twitter:label1\" content=\"Verfasst von\" \/>\n\t<meta name=\"twitter:data1\" content=\"Heike\" \/>\n\t<meta name=\"twitter:label2\" content=\"Gesch\u00e4tzte Lesezeit\" \/>\n\t<meta name=\"twitter:data2\" content=\"8\u00a0Minuten\" \/>\n<script type=\"application\/ld+json\" class=\"yoast-schema-graph\">{\"@context\":\"https:\/\/schema.org\",\"@graph\":[{\"@type\":\"Article\",\"@id\":\"https:\/\/www.kneipp-sachsen.de\/chemnitz\/2025\/12\/27\/rueckblick-2025\/#article\",\"isPartOf\":{\"@id\":\"https:\/\/www.kneipp-sachsen.de\/chemnitz\/2025\/12\/27\/rueckblick-2025\/\"},\"author\":{\"name\":\"Heike\",\"@id\":\"https:\/\/www.kneipp-sachsen.de\/chemnitz\/#\/schema\/person\/53f77e18184acd924973bf6b5854a535\"},\"headline\":\"R\u00fcckblick 2025\",\"datePublished\":\"2025-12-27T18:15:06+00:00\",\"dateModified\":\"2025-12-27T20:15:12+00:00\",\"mainEntityOfPage\":{\"@id\":\"https:\/\/www.kneipp-sachsen.de\/chemnitz\/2025\/12\/27\/rueckblick-2025\/\"},\"wordCount\":493,\"commentCount\":0,\"image\":{\"@id\":\"https:\/\/www.kneipp-sachsen.de\/chemnitz\/2025\/12\/27\/rueckblick-2025\/#primaryimage\"},\"thumbnailUrl\":\"https:\/\/www.kneipp-sachsen.de\/chemnitz\/wp-content\/uploads\/2025\/12\/DSC_0235-scaled.jpg\",\"inLanguage\":\"de\",\"potentialAction\":[{\"@type\":\"CommentAction\",\"name\":\"Comment\",\"target\":[\"https:\/\/www.kneipp-sachsen.de\/chemnitz\/2025\/12\/27\/rueckblick-2025\/#respond\"]}]},{\"@type\":\"WebPage\",\"@id\":\"https:\/\/www.kneipp-sachsen.de\/chemnitz\/2025\/12\/27\/rueckblick-2025\/\",\"url\":\"https:\/\/www.kneipp-sachsen.de\/chemnitz\/2025\/12\/27\/rueckblick-2025\/\",\"name\":\"R\u00fcckblick 2025 - Kneipp-Verein Chemnitz\",\"isPartOf\":{\"@id\":\"https:\/\/www.kneipp-sachsen.de\/chemnitz\/#website\"},\"primaryImageOfPage\":{\"@id\":\"https:\/\/www.kneipp-sachsen.de\/chemnitz\/2025\/12\/27\/rueckblick-2025\/#primaryimage\"},\"image\":{\"@id\":\"https:\/\/www.kneipp-sachsen.de\/chemnitz\/2025\/12\/27\/rueckblick-2025\/#primaryimage\"},\"thumbnailUrl\":\"https:\/\/www.kneipp-sachsen.de\/chemnitz\/wp-content\/uploads\/2025\/12\/DSC_0235-scaled.jpg\",\"datePublished\":\"2025-12-27T18:15:06+00:00\",\"dateModified\":\"2025-12-27T20:15:12+00:00\",\"author\":{\"@id\":\"https:\/\/www.kneipp-sachsen.de\/chemnitz\/#\/schema\/person\/53f77e18184acd924973bf6b5854a535\"},\"breadcrumb\":{\"@id\":\"https:\/\/www.kneipp-sachsen.de\/chemnitz\/2025\/12\/27\/rueckblick-2025\/#breadcrumb\"},\"inLanguage\":\"de\",\"potentialAction\":[{\"@type\":\"ReadAction\",\"target\":[\"https:\/\/www.kneipp-sachsen.de\/chemnitz\/2025\/12\/27\/rueckblick-2025\/\"]}]},{\"@type\":\"ImageObject\",\"inLanguage\":\"de\",\"@id\":\"https:\/\/www.kneipp-sachsen.de\/chemnitz\/2025\/12\/27\/rueckblick-2025\/#primaryimage\",\"url\":\"https:\/\/www.kneipp-sachsen.de\/chemnitz\/wp-content\/uploads\/2025\/12\/DSC_0235-scaled.jpg\",\"contentUrl\":\"https:\/\/www.kneipp-sachsen.de\/chemnitz\/wp-content\/uploads\/2025\/12\/DSC_0235-scaled.jpg\",\"width\":2560,\"height\":1707},{\"@type\":\"BreadcrumbList\",\"@id\":\"https:\/\/www.kneipp-sachsen.de\/chemnitz\/2025\/12\/27\/rueckblick-2025\/#breadcrumb\",\"itemListElement\":[{\"@type\":\"ListItem\",\"position\":1,\"name\":\"Home\",\"item\":\"https:\/\/www.kneipp-sachsen.de\/chemnitz\/\"},{\"@type\":\"ListItem\",\"position\":2,\"name\":\"R\u00fcckblick 2025\"}]},{\"@type\":\"WebSite\",\"@id\":\"https:\/\/www.kneipp-sachsen.de\/chemnitz\/#website\",\"url\":\"https:\/\/www.kneipp-sachsen.de\/chemnitz\/\",\"name\":\"Kneipp-Verein Chemnitz\",\"description\":\"\",\"potentialAction\":[{\"@type\":\"SearchAction\",\"target\":{\"@type\":\"EntryPoint\",\"urlTemplate\":\"https:\/\/www.kneipp-sachsen.de\/chemnitz\/?s={search_term_string}\"},\"query-input\":{\"@type\":\"PropertyValueSpecification\",\"valueRequired\":true,\"valueName\":\"search_term_string\"}}],\"inLanguage\":\"de\"},{\"@type\":\"Person\",\"@id\":\"https:\/\/www.kneipp-sachsen.de\/chemnitz\/#\/schema\/person\/53f77e18184acd924973bf6b5854a535\",\"name\":\"Heike\",\"image\":{\"@type\":\"ImageObject\",\"inLanguage\":\"de\",\"@id\":\"https:\/\/www.kneipp-sachsen.de\/chemnitz\/#\/schema\/person\/image\/\",\"url\":\"https:\/\/secure.gravatar.com\/avatar\/363bf1036cdc126b53306986a40b727a131733fceba44d4a75bbe866f2d219c2?s=96&d=mm&r=g\",\"contentUrl\":\"https:\/\/secure.gravatar.com\/avatar\/363bf1036cdc126b53306986a40b727a131733fceba44d4a75bbe866f2d219c2?s=96&d=mm&r=g\",\"caption\":\"Heike\"},\"url\":\"https:\/\/www.kneipp-sachsen.de\/chemnitz\/author\/heike\/\"}]}<\/script>\n<!-- \/ Yoast SEO plugin. -->","yoast_head_json":{"title":"R\u00fcckblick 2025 - Kneipp-Verein Chemnitz","robots":{"index":"index","follow":"follow","max-snippet":"max-snippet:-1","max-image-preview":"max-image-preview:large","max-video-preview":"max-video-preview:-1"},"canonical":"https:\/\/www.kneipp-sachsen.de\/chemnitz\/2025\/12\/27\/rueckblick-2025\/","og_locale":"de_DE","og_type":"article","og_title":"R\u00fcckblick 2025 - Kneipp-Verein Chemnitz","og_url":"https:\/\/www.kneipp-sachsen.de\/chemnitz\/2025\/12\/27\/rueckblick-2025\/","og_site_name":"Kneipp-Verein Chemnitz","article_published_time":"2025-12-27T18:15:06+00:00","article_modified_time":"2025-12-27T20:15:12+00:00","og_image":[{"url":"https:\/\/www.kneipp-sachsen.de\/chemnitz\/wp-content\/uploads\/2025\/12\/DSC_0235-scaled.jpg","type":"","width":"","height":""}],"author":"Heike","twitter_card":"summary_large_image","twitter_misc":{"Verfasst von":"Heike","Gesch\u00e4tzte Lesezeit":"8\u00a0Minuten"},"schema":{"@context":"https:\/\/schema.org","@graph":[{"@type":"Article","@id":"https:\/\/www.kneipp-sachsen.de\/chemnitz\/2025\/12\/27\/rueckblick-2025\/#article","isPartOf":{"@id":"https:\/\/www.kneipp-sachsen.de\/chemnitz\/2025\/12\/27\/rueckblick-2025\/"},"author":{"name":"Heike","@id":"https:\/\/www.kneipp-sachsen.de\/chemnitz\/#\/schema\/person\/53f77e18184acd924973bf6b5854a535"},"headline":"R\u00fcckblick 2025","datePublished":"2025-12-27T18:15:06+00:00","dateModified":"2025-12-27T20:15:12+00:00","mainEntityOfPage":{"@id":"https:\/\/www.kneipp-sachsen.de\/chemnitz\/2025\/12\/27\/rueckblick-2025\/"},"wordCount":493,"commentCount":0,"image":{"@id":"https:\/\/www.kneipp-sachsen.de\/chemnitz\/2025\/12\/27\/rueckblick-2025\/#primaryimage"},"thumbnailUrl":"https:\/\/www.kneipp-sachsen.de\/chemnitz\/wp-content\/uploads\/2025\/12\/DSC_0235-scaled.jpg","inLanguage":"de","potentialAction":[{"@type":"CommentAction","name":"Comment","target":["https:\/\/www.kneipp-sachsen.de\/chemnitz\/2025\/12\/27\/rueckblick-2025\/#respond"]}]},{"@type":"WebPage","@id":"https:\/\/www.kneipp-sachsen.de\/chemnitz\/2025\/12\/27\/rueckblick-2025\/","url":"https:\/\/www.kneipp-sachsen.de\/chemnitz\/2025\/12\/27\/rueckblick-2025\/","name":"R\u00fcckblick 2025 - Kneipp-Verein Chemnitz","isPartOf":{"@id":"https:\/\/www.kneipp-sachsen.de\/chemnitz\/#website"},"primaryImageOfPage":{"@id":"https:\/\/www.kneipp-sachsen.de\/chemnitz\/2025\/12\/27\/rueckblick-2025\/#primaryimage"},"image":{"@id":"https:\/\/www.kneipp-sachsen.de\/chemnitz\/2025\/12\/27\/rueckblick-2025\/#primaryimage"},"thumbnailUrl":"https:\/\/www.kneipp-sachsen.de\/chemnitz\/wp-content\/uploads\/2025\/12\/DSC_0235-scaled.jpg","datePublished":"2025-12-27T18:15:06+00:00","dateModified":"2025-12-27T20:15:12+00:00","author":{"@id":"https:\/\/www.kneipp-sachsen.de\/chemnitz\/#\/schema\/person\/53f77e18184acd924973bf6b5854a535"},"breadcrumb":{"@id":"https:\/\/www.kneipp-sachsen.de\/chemnitz\/2025\/12\/27\/rueckblick-2025\/#breadcrumb"},"inLanguage":"de","potentialAction":[{"@type":"ReadAction","target":["https:\/\/www.kneipp-sachsen.de\/chemnitz\/2025\/12\/27\/rueckblick-2025\/"]}]},{"@type":"ImageObject","inLanguage":"de","@id":"https:\/\/www.kneipp-sachsen.de\/chemnitz\/2025\/12\/27\/rueckblick-2025\/#primaryimage","url":"https:\/\/www.kneipp-sachsen.de\/chemnitz\/wp-content\/uploads\/2025\/12\/DSC_0235-scaled.jpg","contentUrl":"https:\/\/www.kneipp-sachsen.de\/chemnitz\/wp-content\/uploads\/2025\/12\/DSC_0235-scaled.jpg","width":2560,"height":1707},{"@type":"BreadcrumbList","@id":"https:\/\/www.kneipp-sachsen.de\/chemnitz\/2025\/12\/27\/rueckblick-2025\/#breadcrumb","itemListElement":[{"@type":"ListItem","position":1,"name":"Home","item":"https:\/\/www.kneipp-sachsen.de\/chemnitz\/"},{"@type":"ListItem","position":2,"name":"R\u00fcckblick 2025"}]},{"@type":"WebSite","@id":"https:\/\/www.kneipp-sachsen.de\/chemnitz\/#website","url":"https:\/\/www.kneipp-sachsen.de\/chemnitz\/","name":"Kneipp-Verein Chemnitz","description":"","potentialAction":[{"@type":"SearchAction","target":{"@type":"EntryPoint","urlTemplate":"https:\/\/www.kneipp-sachsen.de\/chemnitz\/?s={search_term_string}"},"query-input":{"@type":"PropertyValueSpecification","valueRequired":true,"valueName":"search_term_string"}}],"inLanguage":"de"},{"@type":"Person","@id":"https:\/\/www.kneipp-sachsen.de\/chemnitz\/#\/schema\/person\/53f77e18184acd924973bf6b5854a535","name":"Heike","image":{"@type":"ImageObject","inLanguage":"de","@id":"https:\/\/www.kneipp-sachsen.de\/chemnitz\/#\/schema\/person\/image\/","url":"https:\/\/secure.gravatar.com\/avatar\/363bf1036cdc126b53306986a40b727a131733fceba44d4a75bbe866f2d219c2?s=96&d=mm&r=g","contentUrl":"https:\/\/secure.gravatar.com\/avatar\/363bf1036cdc126b53306986a40b727a131733fceba44d4a75bbe866f2d219c2?s=96&d=mm&r=g","caption":"Heike"},"url":"https:\/\/www.kneipp-sachsen.de\/chemnitz\/author\/heike\/"}]}},"builder_content":"2025 bestimmte das Kulturhauptstadtjahr das Vereinsleben. Es wurden 24 F\u00fchrungen durchgef\u00fchrt, zum Teil mit anschlie\u00dfenden Kneippschen Anwendungen. Die Besucherzahl variierte. Es kamen insgesamt 225 Besucher zu den offiziellen F\u00fchrungen. Dabei waren alle Altersgruppen vertreten. Es nahmen Naturfreunde aus Chemnitz und dem Umland teil aber auch Interssierte aus ganz Deutschland kamen in den Garten. Dabei konnten nur die Besucher viel lernen, auch Sylvia D\u00f6ring lernte noch dazu. Zu diesen F\u00fchrungen kamen noch einige weitere, die extra gebucht wurden wie die Kr\u00e4uterfrauen aus Einsiedel oder wie die Bewohner des Altenpflegeheims \u201ePro Seniore\u201c von der Salzstra\u00dfe\n<img src=\"https:\/\/www.kneipp-sachsen.de\/chemnitz\/wp-content\/uploads\/2025\/12\/DSC_0235-scaled.jpg\" title=\"DSC_0235\" alt=\"DSC_0235\" srcset=\"https:\/\/www.kneipp-sachsen.de\/chemnitz\/wp-content\/uploads\/2025\/12\/DSC_0235-scaled.jpg 2560w, https:\/\/www.kneipp-sachsen.de\/chemnitz\/wp-content\/uploads\/2025\/12\/DSC_0235-300x200.jpg 300w, https:\/\/www.kneipp-sachsen.de\/chemnitz\/wp-content\/uploads\/2025\/12\/DSC_0235-1024x683.jpg 1024w, https:\/\/www.kneipp-sachsen.de\/chemnitz\/wp-content\/uploads\/2025\/12\/DSC_0235-768x512.jpg 768w, https:\/\/www.kneipp-sachsen.de\/chemnitz\/wp-content\/uploads\/2025\/12\/DSC_0235-1536x1024.jpg 1536w, https:\/\/www.kneipp-sachsen.de\/chemnitz\/wp-content\/uploads\/2025\/12\/DSC_0235-2048x1365.jpg 2048w\" sizes=\"(max-width: 2560px) 100vw, 2560px\" \/>\n<img src=\"https:\/\/www.kneipp-sachsen.de\/chemnitz\/wp-content\/uploads\/2025\/12\/DSC_0281-1024x683-590x393.jpg\" width=\"590\" height=\"393\" title=\"DSC_0281\" alt=\"DSC_0281\" srcset=\"https:\/\/www.kneipp-sachsen.de\/chemnitz\/wp-content\/uploads\/2025\/12\/DSC_0281-1024x683-590x393.jpg 590w, https:\/\/www.kneipp-sachsen.de\/chemnitz\/wp-content\/uploads\/2025\/12\/DSC_0281-300x200.jpg 300w, https:\/\/www.kneipp-sachsen.de\/chemnitz\/wp-content\/uploads\/2025\/12\/DSC_0281-1024x683.jpg 1024w, https:\/\/www.kneipp-sachsen.de\/chemnitz\/wp-content\/uploads\/2025\/12\/DSC_0281-768x512.jpg 768w, https:\/\/www.kneipp-sachsen.de\/chemnitz\/wp-content\/uploads\/2025\/12\/DSC_0281-1536x1024.jpg 1536w, https:\/\/www.kneipp-sachsen.de\/chemnitz\/wp-content\/uploads\/2025\/12\/DSC_0281-2048x1365.jpg 2048w\" sizes=\"(max-width: 590px) 100vw, 590px\" \/>\n<p style=\"text-align: center;\">Dies bedurfte nat\u00fcrlich viel Vorbereitung und Arbeit. Wir geh\u00f6rten zu den Vereinen, die bei der Vergabe eines Mikroprojektes ber\u00fccksichtigt wurden. Dies erm\u00f6glichte uns die Erneuerung des Barfu\u00dfpfades, das Anschaffen einer Kneippbibliothek, das Erstellen eines Malheftes f\u00fcr Kinder und eine Zweiauflage des Kr\u00e4uterheftes. Aber nat\u00fcrlich auch die Anschaffung und den Erhalt von Kr\u00e4utern und Pflanzen, die nun den Garten bereichern. Das eine oder andere war durch die Einnahmen bei den F\u00fchrungen m\u00f6glich.<br \/>Das ganze Jahr wurde in altbew\u00e4hrter Weise angebaut, gepflegt und gebaut. Zu den samst\u00e4glichen Treffen und den zus\u00e4tzlichen Aktivit\u00e4ten einzelner traf sich eine Gruppe \u00f6fter in der Woche, um zusammen vieles zu schaffen. Eine Entlastung f\u00fcr Sylvia D\u00f6ring, die so einiges abgeben konnte an Arbeit. Auch der eine oder andere, der nicht zum Verein geh\u00f6rt, half, wenn es n\u00f6tig war, ob es das Abtragen des alten Beetes am Barfu\u00dfpfad geht oder der Bau des Futterhauses f\u00fcr die Igel oder andere notwendige Arbeiten. Sch\u00f6n, dass so etwas selbstverst\u00e4ndlich sein darf.<\/p>\n<img src=\"https:\/\/www.kneipp-sachsen.de\/chemnitz\/wp-content\/uploads\/2025\/12\/DSC_0129-scaled.jpg\" title=\"DSC_0129\" alt=\"DSC_0129\" srcset=\"https:\/\/www.kneipp-sachsen.de\/chemnitz\/wp-content\/uploads\/2025\/12\/DSC_0129-scaled.jpg 1707w, https:\/\/www.kneipp-sachsen.de\/chemnitz\/wp-content\/uploads\/2025\/12\/DSC_0129-200x300.jpg 200w, https:\/\/www.kneipp-sachsen.de\/chemnitz\/wp-content\/uploads\/2025\/12\/DSC_0129-683x1024.jpg 683w, https:\/\/www.kneipp-sachsen.de\/chemnitz\/wp-content\/uploads\/2025\/12\/DSC_0129-768x1152.jpg 768w, https:\/\/www.kneipp-sachsen.de\/chemnitz\/wp-content\/uploads\/2025\/12\/DSC_0129-1024x1536.jpg 1024w, https:\/\/www.kneipp-sachsen.de\/chemnitz\/wp-content\/uploads\/2025\/12\/DSC_0129-1365x2048.jpg 1365w\" sizes=\"(max-width: 1707px) 100vw, 1707px\" \/>\n<img src=\"https:\/\/www.kneipp-sachsen.de\/chemnitz\/wp-content\/uploads\/2025\/12\/20250320_181340-1-scaled.jpg\" title=\"20250320_181340\" alt=\"20250320_181340\" srcset=\"https:\/\/www.kneipp-sachsen.de\/chemnitz\/wp-content\/uploads\/2025\/12\/20250320_181340-1-scaled.jpg 1920w, https:\/\/www.kneipp-sachsen.de\/chemnitz\/wp-content\/uploads\/2025\/12\/20250320_181340-1-225x300.jpg 225w, https:\/\/www.kneipp-sachsen.de\/chemnitz\/wp-content\/uploads\/2025\/12\/20250320_181340-1-768x1024.jpg 768w, https:\/\/www.kneipp-sachsen.de\/chemnitz\/wp-content\/uploads\/2025\/12\/20250320_181340-1-1152x1536.jpg 1152w, https:\/\/www.kneipp-sachsen.de\/chemnitz\/wp-content\/uploads\/2025\/12\/20250320_181340-1-1536x2048.jpg 1536w\" sizes=\"(max-width: 1920px) 100vw, 1920px\" \/>\n<img src=\"https:\/\/www.kneipp-sachsen.de\/chemnitz\/wp-content\/uploads\/2025\/12\/20250504_123818-1-scaled.jpg\" title=\"20250504_123818\" alt=\"20250504_123818\" srcset=\"https:\/\/www.kneipp-sachsen.de\/chemnitz\/wp-content\/uploads\/2025\/12\/20250504_123818-1-scaled.jpg 1920w, https:\/\/www.kneipp-sachsen.de\/chemnitz\/wp-content\/uploads\/2025\/12\/20250504_123818-1-225x300.jpg 225w, https:\/\/www.kneipp-sachsen.de\/chemnitz\/wp-content\/uploads\/2025\/12\/20250504_123818-1-768x1024.jpg 768w, https:\/\/www.kneipp-sachsen.de\/chemnitz\/wp-content\/uploads\/2025\/12\/20250504_123818-1-1152x1536.jpg 1152w, https:\/\/www.kneipp-sachsen.de\/chemnitz\/wp-content\/uploads\/2025\/12\/20250504_123818-1-1536x2048.jpg 1536w\" sizes=\"(max-width: 1920px) 100vw, 1920px\" \/>\n<p>In Igelhausen waren auch einige Igel zu Gast und konnten ausgewildert werden. Im Moment \u00fcberwintern zwei von ihnen bei uns im Igelhaus. In der Regel kamen das Ganze Jahr etwa 5 Igel in den meisten N\u00e4chten zum Fressen. Dies waren nicht unbedingt immer dieselben. Um den Umbau des Futterhauses und das Futter des Jahres zu stemmen, gab es immer wieder Menschen, die Geld daf\u00fcr spendeten. Dies war sehr sch\u00f6n, da es doch \u00fcber das Jahr gesehen ein recht hohe Summe wird, die nicht aus den Vereinsgeldern genommen werden kann.<\/p>\n[video src=\"https:\/\/www.kneipp-sachsen.de\/chemnitz\/wp-content\/uploads\/2025\/12\/A49E69A360E6_20250705003627_141_o.mp4\" width=\"320\" height=\"180\"][\/video]\n[video src=\"https:\/\/www.kneipp-sachsen.de\/chemnitz\/wp-content\/uploads\/2025\/12\/A49E69A360E6_20251123182806_1475_o-1-2.mp4\" width=\"320\" height=\"180\"][\/video]\n<img src=\"https:\/\/www.kneipp-sachsen.de\/chemnitz\/wp-content\/uploads\/2025\/12\/20250620_182451-scaled.jpg\" title=\"20250620_182451\" alt=\"20250620_182451\" srcset=\"https:\/\/www.kneipp-sachsen.de\/chemnitz\/wp-content\/uploads\/2025\/12\/20250620_182451-scaled.jpg 1828w, https:\/\/www.kneipp-sachsen.de\/chemnitz\/wp-content\/uploads\/2025\/12\/20250620_182451-214x300.jpg 214w, https:\/\/www.kneipp-sachsen.de\/chemnitz\/wp-content\/uploads\/2025\/12\/20250620_182451-731x1024.jpg 731w, https:\/\/www.kneipp-sachsen.de\/chemnitz\/wp-content\/uploads\/2025\/12\/20250620_182451-768x1075.jpg 768w, https:\/\/www.kneipp-sachsen.de\/chemnitz\/wp-content\/uploads\/2025\/12\/20250620_182451-1097x1536.jpg 1097w, https:\/\/www.kneipp-sachsen.de\/chemnitz\/wp-content\/uploads\/2025\/12\/20250620_182451-1463x2048.jpg 1463w\" sizes=\"(max-width: 1828px) 100vw, 1828px\" \/>\n<p>Als Verein unternahmen wir auch einiges. So waren wir im Kr\u00e4utergarten des Klosters Wechselburg, stellten Naturkosmetik her, feierten zusammen, hatten G\u00e4ste\u00a0 von verschiedenen Gruppen. Nat\u00fcrlich waren auch die Kinder des Kneippkindergarten zu Besuch.<\/p> <p>Auch das Fernsehen, Rundfunk und Presse kamen vorbei.<\/p> <p>Unser Ziel bekannter zu werden und Menschen dieses Kleinod erleben zu lassen, wurde in dem Jahr mehr als erreicht. Im neuen Jahr werden deshalb auch wieder F\u00fchrungen geplant, allerdings nicht in dieser Anzahl wie in diesem Jahr.\u00a0<\/p>\n<img src=\"https:\/\/www.kneipp-sachsen.de\/chemnitz\/wp-content\/uploads\/2025\/12\/20251218_123754-scaled.jpg\" title=\"20251218_123754\" alt=\"20251218_123754\" srcset=\"https:\/\/www.kneipp-sachsen.de\/chemnitz\/wp-content\/uploads\/2025\/12\/20251218_123754-scaled.jpg 1920w, https:\/\/www.kneipp-sachsen.de\/chemnitz\/wp-content\/uploads\/2025\/12\/20251218_123754-225x300.jpg 225w, https:\/\/www.kneipp-sachsen.de\/chemnitz\/wp-content\/uploads\/2025\/12\/20251218_123754-768x1024.jpg 768w, https:\/\/www.kneipp-sachsen.de\/chemnitz\/wp-content\/uploads\/2025\/12\/20251218_123754-1152x1536.jpg 1152w, https:\/\/www.kneipp-sachsen.de\/chemnitz\/wp-content\/uploads\/2025\/12\/20251218_123754-1536x2048.jpg 1536w\" sizes=\"(max-width: 1920px) 100vw, 1920px\" \/>","_links":{"self":[{"href":"https:\/\/www.kneipp-sachsen.de\/chemnitz\/wp-json\/wp\/v2\/posts\/582","targetHints":{"allow":["GET"]}}],"collection":[{"href":"https:\/\/www.kneipp-sachsen.de\/chemnitz\/wp-json\/wp\/v2\/posts"}],"about":[{"href":"https:\/\/www.kneipp-sachsen.de\/chemnitz\/wp-json\/wp\/v2\/types\/post"}],"author":[{"embeddable":true,"href":"https:\/\/www.kneipp-sachsen.de\/chemnitz\/wp-json\/wp\/v2\/users\/5"}],"replies":[{"embeddable":true,"href":"https:\/\/www.kneipp-sachsen.de\/chemnitz\/wp-json\/wp\/v2\/comments?post=582"}],"version-history":[{"count":29,"href":"https:\/\/www.kneipp-sachsen.de\/chemnitz\/wp-json\/wp\/v2\/posts\/582\/revisions"}],"predecessor-version":[{"id":634,"href":"https:\/\/www.kneipp-sachsen.de\/chemnitz\/wp-json\/wp\/v2\/posts\/582\/revisions\/634"}],"wp:attachment":[{"href":"https:\/\/www.kneipp-sachsen.de\/chemnitz\/wp-json\/wp\/v2\/media?parent=582"}],"wp:term":[{"taxonomy":"category","embeddable":true,"href":"https:\/\/www.kneipp-sachsen.de\/chemnitz\/wp-json\/wp\/v2\/categories?post=582"},{"taxonomy":"post_tag","embeddable":true,"href":"https:\/\/www.kneipp-sachsen.de\/chemnitz\/wp-json\/wp\/v2\/tags?post=582"}],"curies":[{"name":"wp","href":"https:\/\/api.w.org\/{rel}","templated":true}]}}